{"id":176,"date":"2026-02-24T14:09:59","date_gmt":"2026-02-24T13:09:59","guid":{"rendered":"https:\/\/pius.plebania.hu\/?p=176"},"modified":"2026-02-24T14:10:00","modified_gmt":"2026-02-24T13:10:00","slug":"husveti-miszteriumjatek","status":"publish","type":"post","link":"https:\/\/pius.plebania.hu\/index.php\/2026\/02\/24\/husveti-miszteriumjatek\/","title":{"rendered":"H\u00fasv\u00e9ti miszt\u00e9riumj\u00e1t\u00e9k"},"content":{"rendered":"\n<figure class=\"wp-block-image size-large\"><img loading=\"lazy\" decoding=\"async\" width=\"1024\" height=\"684\" src=\"https:\/\/pius.plebania.hu\/wp-content\/uploads\/2026\/02\/Husveti_miszteriumjatek-1024x684.jpg\" alt=\"\" class=\"wp-image-177\" srcset=\"https:\/\/pius.plebania.hu\/wp-content\/uploads\/2026\/02\/Husveti_miszteriumjatek-1024x684.jpg 1024w, https:\/\/pius.plebania.hu\/wp-content\/uploads\/2026\/02\/Husveti_miszteriumjatek-980x654.jpg 980w, https:\/\/pius.plebania.hu\/wp-content\/uploads\/2026\/02\/Husveti_miszteriumjatek-480x320.jpg 480w\" sizes=\"(min-width: 0px) and (max-width: 480px) 480px, (min-width: 481px) and (max-width: 980px) 980px, (min-width: 981px) 1024px, 100vw\" \/><\/figure>\n\n\n<h3 style=\"text-align: left;\">Kedves Sz\u00fcl\u0151k! Kedves Fiatalok!<\/h3>\n\n\n<p>Szeretettel v\u00e1rjuk a gyerekek jelentkez\u00e9s\u00e9t h\u00fasv\u00e9ti zen\u00e9s miszt\u00e9riumj\u00e1t\u00e9kunkra!<br>Az el\u0151ad\u00e1s 2025. \u00e1prilis 5-\u00e9n, h\u00fasv\u00e9t vas\u00e1rnap a 9.30-kor kezd\u0151d\u0151 di\u00e1kmis\u00e9n lesz a Pius templomban.<\/p>\n\n\n\n<p><strong>Szereposzt\u00e1s: m\u00e1rcius 1. vas\u00e1rnap a 9.30-as di\u00e1kmise ut\u00e1n.<\/strong><\/p>\n\n\n\n<p>A pr\u00f3b\u00e1k el\u0151rel\u00e1that\u00f3an ezekben az id\u0151pontokban lesznek:<br>&#8211; m\u00e1rcius 9. h\u00e9tf\u0151 16.00-17.00<br>&#8211; m\u00e1rcius 18. szerda 16.30-17.45<br>&#8211; m\u00e1rcius 24. kedd 17.00-18.30<br>&#8211; \u00e1pr. 2. nagycs\u00fct\u00f6rt\u00f6k 9.00-12.00 &#8211; ez m\u00e1r jelmezes f\u0151pr\u00f3ba<br>&#8211; \u00e1pr. 5. h\u00fasv\u00e9t vas\u00e1rnap 8.15-kor a di\u00e1kmise el\u0151tt utols\u00f3 \u00e9les pr\u00f3ba!!<\/p>\n\n\n\n<p><strong>A k\u00e9t utols\u00f3 pr\u00f3b\u00e1r\u00f3l ne hi\u00e1nyozzanak a gyerekek!!<\/strong><\/p>\n\n\n\n<p>Szeretettel v\u00e1rjuk a miel\u0151bbi jelentkez\u00e9seket a k\u00f6vetkez\u0151 <a href=\"https:\/\/forms.gle\/KfmpvxfLourAc5B5A\">\u0171rlapon<\/a><\/p>\n\n\n\n<p><strong>Jelentkez\u00e9si hat\u00e1rid\u0151: febru\u00e1r 25. este<\/strong><\/p>\n\n\n\n<p>K\u00e9rd\u00e9s eset\u00e9n keressenek meg minket:<\/p>\n\n\n\n<p>Dud\u00e1s Ilona <a href=\"mailto:ilona.hittan@gmail.com\" target=\"_blank\" rel=\"noreferrer noopener\">ilona.hittan@gmail.com<\/a> \u00e9s<br>\u00c9rsek Erika <a href=\"mailto:e25erika.hittan@gmail.com\" target=\"_blank\" rel=\"noreferrer noopener\">e25erika.hittan@gmail.com<\/a> hitoktat\u00f3k<\/p>\n","protected":false},"excerpt":{"rendered":"<p>Kedves Sz\u00fcl\u0151k! Kedves Fiatalok! Szeretettel v\u00e1rjuk a gyerekek jelentkez\u00e9s\u00e9t h\u00fasv\u00e9ti zen\u00e9s miszt\u00e9riumj\u00e1t\u00e9kunkra!Az el\u0151ad\u00e1s 2025. \u00e1prilis 5-\u00e9n, h\u00fasv\u00e9t vas\u00e1rnap a 9.30-kor kezd\u0151d\u0151 di\u00e1kmis\u00e9n lesz a Pius templomban. Szereposzt\u00e1s: m\u00e1rcius 1. vas\u00e1rnap a 9.30-as di\u00e1kmise ut\u00e1n. A pr\u00f3b\u00e1k el\u0151rel\u00e1that\u00f3an ezekben az id\u0151pontokban lesznek:&#8211; m\u00e1rcius 9. h\u00e9tf\u0151 16.00-17.00&#8211; m\u00e1rcius 18. szerda 16.30-17.45&#8211; m\u00e1rcius 24. kedd 17.00-18.30&#8211; \u00e1pr. 2. [&hellip;]<\/p>\n","protected":false},"author":2,"featured_media":0,"comment_status":"closed","ping_status":"open","sticky":false,"template":"","format":"standard","meta":{"_et_pb_use_builder":"off","_et_pb_old_content":"","_et_gb_content_width":"","footnotes":""},"categories":[1],"tags":[],"class_list":["post-176","post","type-post","status-publish","format-standard","hentry","category-egyeb"],"_links":{"self":[{"href":"https:\/\/pius.plebania.hu\/index.php\/wp-json\/wp\/v2\/posts\/176","targetHints":{"allow":["GET"]}}],"collection":[{"href":"https:\/\/pius.plebania.hu\/index.php\/wp-json\/wp\/v2\/posts"}],"about":[{"href":"https:\/\/pius.plebania.hu\/index.php\/wp-json\/wp\/v2\/types\/post"}],"author":[{"embeddable":true,"href":"https:\/\/pius.plebania.hu\/index.php\/wp-json\/wp\/v2\/users\/2"}],"replies":[{"embeddable":true,"href":"https:\/\/pius.plebania.hu\/index.php\/wp-json\/wp\/v2\/comments?post=176"}],"version-history":[{"count":4,"href":"https:\/\/pius.plebania.hu\/index.php\/wp-json\/wp\/v2\/posts\/176\/revisions"}],"predecessor-version":[{"id":181,"href":"https:\/\/pius.plebania.hu\/index.php\/wp-json\/wp\/v2\/posts\/176\/revisions\/181"}],"wp:attachment":[{"href":"https:\/\/pius.plebania.hu\/index.php\/wp-json\/wp\/v2\/media?parent=176"}],"wp:term":[{"taxonomy":"category","embeddable":true,"href":"https:\/\/pius.plebania.hu\/index.php\/wp-json\/wp\/v2\/categories?post=176"},{"taxonomy":"post_tag","embeddable":true,"href":"https:\/\/pius.plebania.hu\/index.php\/wp-json\/wp\/v2\/tags?post=176"}],"curies":[{"name":"wp","href":"https:\/\/api.w.org\/{rel}","templated":true}]}}