{"id":164,"date":"2026-02-15T12:44:48","date_gmt":"2026-02-15T11:44:48","guid":{"rendered":"https:\/\/pius.plebania.hu\/?p=164"},"modified":"2026-03-15T08:46:12","modified_gmt":"2026-03-15T07:46:12","slug":"zarandoktabor-2026","status":"publish","type":"post","link":"https:\/\/pius.plebania.hu\/index.php\/2026\/02\/15\/zarandoktabor-2026\/","title":{"rendered":"Zar\u00e1ndokt\u00e1bor 2026"},"content":{"rendered":"\n<figure class=\"wp-block-image size-large\"><img loading=\"lazy\" decoding=\"async\" width=\"1024\" height=\"369\" src=\"https:\/\/pius.plebania.hu\/wp-content\/uploads\/2026\/02\/Zarandoktabor_2026-1024x369.jpg\" alt=\"\" class=\"wp-image-162\" srcset=\"https:\/\/pius.plebania.hu\/wp-content\/uploads\/2026\/02\/Zarandoktabor_2026-1024x369.jpg 1024w, https:\/\/pius.plebania.hu\/wp-content\/uploads\/2026\/02\/Zarandoktabor_2026-980x353.jpg 980w, https:\/\/pius.plebania.hu\/wp-content\/uploads\/2026\/02\/Zarandoktabor_2026-480x173.jpg 480w\" sizes=\"(min-width: 0px) and (max-width: 480px) 480px, (min-width: 481px) and (max-width: 980px) 980px, (min-width: 981px) 1024px, 100vw\" \/><\/figure>\n\n\n\n<pre class=\"wp-block-preformatted\"><em>\u2026csod\u00e1latos term\u00e9szeti k\u00f6rnyezetben a zar\u00e1ndoklat 7 napja alatt t\u00f6bb mint 84 km-t tesz\u00fcnk meg gyalog. <br>A napi t\u00e1vok 15 km \u00e9s 21 km k\u00f6z\u00f6tt, a napi szintemelked\u00e9sek + 456-675 m k\u00f6z\u00f6tt alakulnak.<br><\/em>A Zar\u00e1ndokt\u00e1bor a V\u00e1ndort\u00e1bor Programok keret\u00e9ben val\u00f3sul meg. Tov\u00e1bbi inf\u00f3k: www.zarandoktabor.hu<br><\/pre>\n\n\n\n<p class=\"has-text-align-center\"><strong>\u00datvonal: Tata &#8211; P\u00e9lif\u00f6ldszentkereszt &#8211; Esztergom<\/strong><\/p>\n\n\n\n<!--more-->\n\n\n\n<p class=\"has-text-align-center\"><strong>Id\u0151pont: 2026. augusztus 10-16. <\/strong>(7 nap, 6 \u00e9jszaka)<\/p>\n\n\n\n<p class=\"has-text-align-center\"><strong>R\u00e9szv\u00e9teli d\u00edj <\/strong>pl\u00e9b\u00e1niai t\u00e1mogat\u00e1s eset\u00e9n<strong>:<\/strong><strong>18.000 Ft\/f\u0151<\/strong> (t\u00e1mogat\u00e1s n\u00e9lk\u00fcl 36.000 Ft\/f\u0151), amely tartalmazza a sz\u00e1ll\u00e1st, \u00e9tkez\u00e9st \u00e9s a programokat.<\/p>\n\n\n\n<p><br>A teljes t\u00e1bord\u00edj 54.000 Ft\/f\u0151, amelyb\u0151l 18.000 Ft az \u00f6nr\u00e9sz, 18.000 Ft-ot a P\u00e9csi Egyh\u00e1zmegye ad a jelentkez\u0151knek, tov\u00e1bbi 18.000 Ft t\u00e1mogat\u00e1s pedig a r\u00e9sztvev\u0151 saj\u00e1t pl\u00e9b\u00e1ni\u00e1j\u00e1t\u00f3l k\u00e9rhet\u0151.<\/p>\n\n\n\n<p><em>Ha fels\u0151 tagozatos, k\u00f6z\u00e9piskol\u00e1s vagy f\u0151iskol\u00e1s\/egyetemista di\u00e1k vagy, ha van alapvet\u0151 kereszt\u00e9ny hittani ismereted, gyakorlod a vall\u00e1sodat, vagy \u00e9ppen Istent keresed, ha keresed a csendet \u00e9s szeretn\u00e9l kikapcsol\u00f3dni a h\u00e9tk\u00f6znapok forgatag\u00e1b\u00f3l, ha szereted a fizikai kih\u00edv\u00e1st \u00e9s terhelhet\u0151 vagy, ha szeretn\u00e9d jobban megismerni magad, ha \u00f6nk\u00e9nt \u00e9s szabadon v\u00e1llalod a r\u00e9szv\u00e9telt,<br><\/em><\/p>\n\n\n\n<p class=\"has-text-align-center\"><strong><em>AKKOR EZ A PROGRAM NEKED SZ\u00d3L!<\/em><\/strong><\/p>\n\n\n\n<p>Jelentkezni lehet &nbsp;<a href=\"https:\/\/forms.gle\/Pxv2kpBgGgwLVkZm7\">ezen az \u0171rlapon<\/a> vagy az <a href=\"mailto:e25erika.hittan@gmail.com\">e25erika.hittan@gmail.com<\/a> c\u00edmen.<\/p>\n\n\n\n<p>A jelentkez\u00e9s 10 000 Ft el\u0151leg befizet\u00e9s\u00e9vel v\u00e1lik teljess\u00e9 (a jelentkez\u00e9s visszaigazol\u00e1sakor k\u00fcldj\u00fck ennek m\u00f3dj\u00e1t).&nbsp;<\/p>\n\n\n\n<p><strong>Jelentkezz miel\u0151bb!!!<\/strong> &nbsp;&nbsp;&nbsp;&nbsp;&nbsp;&nbsp;&nbsp;&nbsp;&nbsp;&nbsp;&nbsp;&nbsp;&nbsp;&nbsp;&nbsp;&nbsp;&nbsp;&nbsp;&nbsp;&nbsp;&nbsp;&nbsp;&nbsp;&nbsp;&nbsp;&nbsp;&nbsp;&nbsp;&nbsp;&nbsp;&nbsp;&nbsp;&nbsp;&nbsp;&nbsp;&nbsp;&nbsp;&nbsp;&nbsp;&nbsp;&nbsp;&nbsp;&nbsp;&nbsp;&nbsp;&nbsp;&nbsp;&nbsp;&nbsp;&nbsp;&nbsp; (A helyek sz\u00e1ma korl\u00e1tozott.)<\/p>\n\n\n\n<p><em>&nbsp;&nbsp;&nbsp;&nbsp;&nbsp;&nbsp;&nbsp;&nbsp;&nbsp;&nbsp;&nbsp;&nbsp;&nbsp;&nbsp;&nbsp;&nbsp;&nbsp;&nbsp;&nbsp;&nbsp;&nbsp;&nbsp;&nbsp;&nbsp;&nbsp;&nbsp;&nbsp;&nbsp;&nbsp;&nbsp;&nbsp;&nbsp;&nbsp;&nbsp;&nbsp;&nbsp;&nbsp;&nbsp;&nbsp;&nbsp;&nbsp;&nbsp;&nbsp;&nbsp;&nbsp;&nbsp;&nbsp;&nbsp;&nbsp;&nbsp;&nbsp;&nbsp;&nbsp;&nbsp;&nbsp;&nbsp;&nbsp;&nbsp; <\/em><em>&nbsp;&nbsp;&nbsp;&nbsp;&nbsp;&nbsp;&nbsp;&nbsp;&nbsp;&nbsp;&nbsp;&nbsp;&nbsp;&nbsp;&nbsp;&nbsp;&nbsp;&nbsp;&nbsp;&nbsp;&nbsp;&nbsp;&nbsp;&nbsp;&nbsp;&nbsp;&nbsp;&nbsp;&nbsp;&nbsp;&nbsp;&nbsp;&nbsp;&nbsp;&nbsp;&nbsp;&nbsp;&nbsp; <\/em><em>Dud\u00e1s Ilona, \u00c9rsek Erika, Tam\u00e1s Eszter \u00e9s T\u00f3th Gy\u00f6rgy<\/em><\/p>\n","protected":false},"excerpt":{"rendered":"<p>\u2026csod\u00e1latos term\u00e9szeti k\u00f6rnyezetben a zar\u00e1ndoklat 7 napja alatt t\u00f6bb mint 84 km-t tesz\u00fcnk meg gyalog. A napi t\u00e1vok 15 km \u00e9s 21 km k\u00f6z\u00f6tt, a napi szintemelked\u00e9sek + 456-675 m k\u00f6z\u00f6tt alakulnak.A Zar\u00e1ndokt\u00e1bor a V\u00e1ndort\u00e1bor Programok keret\u00e9ben val\u00f3sul meg. Tov\u00e1bbi inf\u00f3k: www.zarandoktabor.hu \u00datvonal: Tata &#8211; P\u00e9lif\u00f6ldszentkereszt &#8211; Esztergom<\/p>\n","protected":false},"author":2,"featured_media":0,"comment_status":"closed","ping_status":"open","sticky":false,"template":"","format":"standard","meta":{"_et_pb_use_builder":"off","_et_pb_old_content":"<!-- wp:image {\"id\":162,\"sizeSlug\":\"large\",\"linkDestination\":\"none\"} -->\n<figure class=\"wp-block-image size-large\"><img src=\"https:\/\/pius.plebania.hu\/wp-content\/uploads\/2026\/02\/Zarandoktabor_2026-1024x369.jpg\" alt=\"\" class=\"wp-image-162\"\/><\/figure>\n<!-- \/wp:image -->\n\n<!-- wp:paragraph -->\n<p>\/<\/p>\n<!-- \/wp:paragraph -->\n\n<!-- wp:preformatted -->\n<pre class=\"wp-block-preformatted\"><em>\u2026csod\u00e1latos term\u00e9szeti k\u00f6rnyezetben a zar\u00e1ndoklat 7 napja alatt t\u00f6bb mint 84 km-t tesz\u00fcnk meg gyalog. <br>A napi t\u00e1vok 15 km \u00e9s 21 km k\u00f6z\u00f6tt, a napi szintemelked\u00e9sek + 456-675 m k\u00f6z\u00f6tt alakulnak.<br><\/em>A Zar\u00e1ndokt\u00e1bor a V\u00e1ndort\u00e1bor Programok keret\u00e9ben val\u00f3sul meg.<br>Tov\u00e1bbi inf\u00f3k: www.zarandoktabor.hu<br><\/pre>\n<!-- \/wp:preformatted -->\n\n<!-- wp:paragraph -->\n<p><strong>\u00datvonal: Tata - P\u00e9lif\u00f6ldszentkereszt - Esztergom<\/strong><\/p>\n<!-- \/wp:paragraph -->\n\n<!-- wp:paragraph -->\n<p><strong>Id\u0151pont: 2026. augusztus 10-16. <\/strong>(7 nap, 6 \u00e9jszaka)<\/p>\n<!-- \/wp:paragraph -->\n\n<!-- wp:paragraph -->\n<p><strong>R\u00e9szv\u00e9teli d\u00edj <\/strong>pl\u00e9b\u00e1niai t\u00e1mogat\u00e1s eset\u00e9n<strong>:<\/strong><strong> 18.000 Ft\/f\u0151<\/strong> (t\u00e1mogat\u00e1s n\u00e9lk\u00fcl 36.000 Ft\/f\u0151),<br>amely tartalmazza a sz\u00e1ll\u00e1st, \u00e9tkez\u00e9st \u00e9s a programokat.<\/p>\n<!-- \/wp:paragraph -->\n\n<!-- wp:paragraph -->\n<p><br>A teljes t\u00e1bord\u00edj 54.000 Ft\/f\u0151, amelyb\u0151l 18.000 Ft az \u00f6nr\u00e9sz, 18.000 Ft-ot a P\u00e9csi Egyh\u00e1zmegye ad a jelentkez\u0151knek, tov\u00e1bbi 18.000 Ft t\u00e1mogat\u00e1s pedig a r\u00e9sztvev\u0151 saj\u00e1t pl\u00e9b\u00e1ni\u00e1j\u00e1t\u00f3l k\u00e9rhet\u0151.<\/p>\n<!-- \/wp:paragraph -->\n\n<!-- wp:paragraph -->\n<p><em>Ha fels\u0151 tagozatos, k\u00f6z\u00e9piskol\u00e1s vagy f\u0151iskol\u00e1s\/egyetemista di\u00e1k vagy,<br>ha van alapvet\u0151 kereszt\u00e9ny hittani ismereted, gyakorlod a vall\u00e1sodat,<br>vagy \u00e9ppen Istent keresed,<br>ha keresed a csendet \u00e9s szeretn\u00e9l kikapcsol\u00f3dni a h\u00e9tk\u00f6znapok forgatag\u00e1b\u00f3l,<br>ha szereted a fizikai kih\u00edv\u00e1st \u00e9s terhelhet\u0151 vagy,<br>ha szeretn\u00e9d jobban megismerni magad,<br>ha \u00f6nk\u00e9nt \u00e9s szabadon v\u00e1llalod a r\u00e9szv\u00e9telt,<br><br><\/em><\/p>\n<!-- \/wp:paragraph -->\n\n<!-- wp:paragraph -->\n<p><strong><em>AKKOR EZ A PROGRAM NEKED SZ\u00d3L!<\/em><\/strong><\/p>\n<!-- \/wp:paragraph -->\n\n<!-- wp:paragraph -->\n<p>Jelentkezni lehet: &nbsp;&nbsp;&nbsp;&nbsp;&nbsp;&nbsp; ezen az \u0171rlapon:&nbsp;&nbsp;<a href=\"https:\/\/forms.gle\/Pxv2kpBgGgwLVkZm7\" target=\"_blank\" rel=\"noreferrer noopener\">https:\/\/forms.gle\/Pxv2kpBgGgwLVkZm7<\/a><\/p>\n<!-- \/wp:paragraph -->\n\n<!-- wp:paragraph -->\n<p>vagy az <a href=\"mailto:e25erika.hittan@gmail.com\">e25erika.hittan@gmail.com<\/a> c\u00edmen.<\/p>\n<!-- \/wp:paragraph -->\n\n<!-- wp:paragraph -->\n<p>A jelentkez\u00e9s 10 000 Ft el\u0151leg befizet\u00e9s\u00e9vel v\u00e1lik teljess\u00e9 (a jelentkez\u00e9s visszaigazol\u00e1sakor k\u00fcldj\u00fck ennek m\u00f3dj\u00e1t).&nbsp;<\/p>\n<!-- \/wp:paragraph -->\n\n<!-- wp:paragraph -->\n<p><strong>Jelentkezz miel\u0151bb!!!<\/strong> &nbsp;&nbsp;&nbsp;&nbsp;&nbsp;&nbsp;&nbsp;&nbsp;&nbsp;&nbsp;&nbsp;&nbsp;&nbsp;&nbsp;&nbsp;&nbsp;&nbsp;&nbsp;&nbsp;&nbsp;&nbsp;&nbsp;&nbsp;&nbsp;&nbsp;&nbsp;&nbsp;&nbsp;&nbsp;&nbsp;&nbsp;&nbsp;&nbsp;&nbsp;&nbsp;&nbsp;&nbsp;&nbsp;&nbsp;&nbsp;&nbsp;&nbsp;&nbsp;&nbsp;&nbsp;&nbsp;&nbsp;&nbsp;&nbsp;&nbsp;&nbsp; (A helyek sz\u00e1ma korl\u00e1tozott.)<\/p>\n<!-- \/wp:paragraph -->\n\n<!-- wp:paragraph -->\n<p><em>&nbsp;&nbsp;&nbsp;&nbsp;&nbsp;&nbsp;&nbsp;&nbsp;&nbsp;&nbsp;&nbsp;&nbsp;&nbsp;&nbsp;&nbsp;&nbsp;&nbsp;&nbsp;&nbsp;&nbsp;&nbsp;&nbsp;&nbsp;&nbsp;&nbsp;&nbsp;&nbsp;&nbsp;&nbsp;&nbsp;&nbsp;&nbsp;&nbsp;&nbsp;&nbsp;&nbsp;&nbsp;&nbsp;&nbsp;&nbsp;&nbsp;&nbsp;&nbsp;&nbsp;&nbsp;&nbsp;&nbsp;&nbsp;&nbsp;&nbsp;&nbsp;&nbsp;&nbsp;&nbsp;&nbsp;&nbsp;&nbsp;&nbsp; <\/em><em>&nbsp;&nbsp;&nbsp;&nbsp;&nbsp;&nbsp;&nbsp;&nbsp;&nbsp;&nbsp;&nbsp;&nbsp;&nbsp;&nbsp;&nbsp;&nbsp;&nbsp;&nbsp;&nbsp;&nbsp;&nbsp;&nbsp;&nbsp;&nbsp;&nbsp;&nbsp;&nbsp;&nbsp;&nbsp;&nbsp;&nbsp;&nbsp;&nbsp;&nbsp;&nbsp;&nbsp;&nbsp;&nbsp; <\/em><em>Dud\u00e1s Ilona, \u00c9rsek Erika, Tam\u00e1s Eszter \u00e9s T\u00f3th Gy\u00f6rgy<\/em><\/p>\n<!-- \/wp:paragraph -->","_et_gb_content_width":"","footnotes":""},"categories":[1],"tags":[],"class_list":["post-164","post","type-post","status-publish","format-standard","hentry","category-egyeb"],"_links":{"self":[{"href":"https:\/\/pius.plebania.hu\/index.php\/wp-json\/wp\/v2\/posts\/164","targetHints":{"allow":["GET"]}}],"collection":[{"href":"https:\/\/pius.plebania.hu\/index.php\/wp-json\/wp\/v2\/posts"}],"about":[{"href":"https:\/\/pius.plebania.hu\/index.php\/wp-json\/wp\/v2\/types\/post"}],"author":[{"embeddable":true,"href":"https:\/\/pius.plebania.hu\/index.php\/wp-json\/wp\/v2\/users\/2"}],"replies":[{"embeddable":true,"href":"https:\/\/pius.plebania.hu\/index.php\/wp-json\/wp\/v2\/comments?post=164"}],"version-history":[{"count":7,"href":"https:\/\/pius.plebania.hu\/index.php\/wp-json\/wp\/v2\/posts\/164\/revisions"}],"predecessor-version":[{"id":186,"href":"https:\/\/pius.plebania.hu\/index.php\/wp-json\/wp\/v2\/posts\/164\/revisions\/186"}],"wp:attachment":[{"href":"https:\/\/pius.plebania.hu\/index.php\/wp-json\/wp\/v2\/media?parent=164"}],"wp:term":[{"taxonomy":"category","embeddable":true,"href":"https:\/\/pius.plebania.hu\/index.php\/wp-json\/wp\/v2\/categories?post=164"},{"taxonomy":"post_tag","embeddable":true,"href":"https:\/\/pius.plebania.hu\/index.php\/wp-json\/wp\/v2\/tags?post=164"}],"curies":[{"name":"wp","href":"https:\/\/api.w.org\/{rel}","templated":true}]}}